{"id":1045,"date":"2012-09-02T17:40:19","date_gmt":"2012-09-02T15:40:19","guid":{"rendered":"http:\/\/youkies.fr\/blog\/?p=1045"},"modified":"2012-09-02T17:40:19","modified_gmt":"2012-09-02T15:40:19","slug":"mercredi-05-septembre-c%e2%80%99est-la-reprise","status":"publish","type":"post","link":"https:\/\/youkies.fr\/blog\/mercredi-05-septembre-c%e2%80%99est-la-reprise","title":{"rendered":"Mercredi 05 Septembre : C\u2019est la REPRISE !!!"},"content":{"rendered":"<p style=\"text-align: center;\"><a href=\"http:\/\/youkies.fr\/blog\/wp-content\/uploads\/2012\/09\/classe.jpg\"><img loading=\"lazy\" class=\"aligncenter size-full wp-image-1046\" title=\"classe\" src=\"http:\/\/youkies.fr\/blog\/wp-content\/uploads\/2012\/09\/classe.jpg\" alt=\"\" width=\"450\" height=\"392\" srcset=\"https:\/\/youkies.fr\/blog\/wp-content\/uploads\/2012\/09\/classe.jpg 450w, https:\/\/youkies.fr\/blog\/wp-content\/uploads\/2012\/09\/classe-300x261.jpg 300w\" sizes=\"(max-width: 450px) 100vw, 450px\" \/><\/a><\/p>\n<p>Notre coach en chef \u00e9tant de retour de vacances bien m\u00e9rit\u00e9es au bord de la mer, la Reprise Officielle\u00a0 des Youkies aura lieu le <strong>mercredi 05 septembre \u00e0 20h p\u00e9tantes<\/strong> (19h30 dans les vestiaires) sur le terrain de Max Roussi\u00e9.(voir lien sur notre site pour l\u2019adresse exacte).<\/p>\n<p>Pendant que certains bullaient sur la plage, l\u2019\u00e9quipe des coachs a travaill\u00e9 dur pendant les cong\u00e9s pour mettre en place la nouvelle strat\u00e9gie port\u00e9e sur l\u2019attaque. Pour cela, elle a d\u2019une part analys\u00e9 tous les essais de Youtube depuis les JOs 1924 et d\u2019autre part decrypt\u00e9 les cl\u00e9s de la victoire \u00e0 travers de tr\u00e8s nombreuses lectures (biographie des fr\u00e8res Boniface, la BD les Rugbymen, ..)<\/p>\n<p style=\"text-align: center;\"><a href=\"http:\/\/youkies.fr\/blog\/wp-content\/uploads\/2012\/09\/dumnies.jpg\"><img loading=\"lazy\" class=\"aligncenter size-full wp-image-1047\" title=\"dumnies\" src=\"http:\/\/youkies.fr\/blog\/wp-content\/uploads\/2012\/09\/dumnies.jpg\" alt=\"\" width=\"320\" height=\"414\" srcset=\"https:\/\/youkies.fr\/blog\/wp-content\/uploads\/2012\/09\/dumnies.jpg 320w, https:\/\/youkies.fr\/blog\/wp-content\/uploads\/2012\/09\/dumnies-231x300.jpg 231w\" sizes=\"(max-width: 320px) 100vw, 320px\" \/><\/a><\/p>\n<p class=\"MsoNormal\">Pour cette Rentr\u00e9e, n\u2019oubliez surtout pas vos lunettes pour les longues s\u00e9ances de tableau noir et <strong><span style=\"font-size: 14.0pt; line-height: 115%;\">vos Baskets\u00a0!<\/span><\/strong><\/p>\n<p>Les Coaches<\/p>\n","protected":false},"excerpt":{"rendered":"<p>Notre coach en chef \u00e9tant de retour de vacances bien m\u00e9rit\u00e9es au bord de la mer, la Reprise Officielle\u00a0 des Youkies aura lieu le mercredi 05 septembre \u00e0 20h p\u00e9tantes (19h30 dans les vestiaires) sur le terrain de Max Roussi\u00e9.(voir lien sur notre site pour l\u2019adresse exacte). Pendant que certains bullaient sur la plage, l\u2019\u00e9quipe [&hellip;]<\/p>\n","protected":false},"author":11,"featured_media":1046,"comment_status":"open","ping_status":"open","sticky":false,"template":"","format":"standard","meta":[],"categories":[4],"tags":[],"_links":{"self":[{"href":"https:\/\/youkies.fr\/blog\/wp-json\/wp\/v2\/posts\/1045"}],"collection":[{"href":"https:\/\/youkies.fr\/blog\/wp-json\/wp\/v2\/posts"}],"about":[{"href":"https:\/\/youkies.fr\/blog\/wp-json\/wp\/v2\/types\/post"}],"author":[{"embeddable":true,"href":"https:\/\/youkies.fr\/blog\/wp-json\/wp\/v2\/users\/11"}],"replies":[{"embeddable":true,"href":"https:\/\/youkies.fr\/blog\/wp-json\/wp\/v2\/comments?post=1045"}],"version-history":[{"count":1,"href":"https:\/\/youkies.fr\/blog\/wp-json\/wp\/v2\/posts\/1045\/revisions"}],"predecessor-version":[{"id":1048,"href":"https:\/\/youkies.fr\/blog\/wp-json\/wp\/v2\/posts\/1045\/revisions\/1048"}],"wp:featuredmedia":[{"embeddable":true,"href":"https:\/\/youkies.fr\/blog\/wp-json\/wp\/v2\/media\/1046"}],"wp:attachment":[{"href":"https:\/\/youkies.fr\/blog\/wp-json\/wp\/v2\/media?parent=1045"}],"wp:term":[{"taxonomy":"category","embeddable":true,"href":"https:\/\/youkies.fr\/blog\/wp-json\/wp\/v2\/categories?post=1045"},{"taxonomy":"post_tag","embeddable":true,"href":"https:\/\/youkies.fr\/blog\/wp-json\/wp\/v2\/tags?post=1045"}],"curies":[{"name":"wp","href":"https:\/\/api.w.org\/{rel}","templated":true}]}}