{"id":1085,"date":"2012-10-12T09:37:13","date_gmt":"2012-10-12T07:37:13","guid":{"rendered":"http:\/\/youkies.fr\/blog\/?p=1085"},"modified":"2012-10-12T12:14:05","modified_gmt":"2012-10-12T10:14:05","slug":"marche-aveyronnais-2012","status":"publish","type":"post","link":"https:\/\/youkies.fr\/blog\/marche-aveyronnais-2012","title":{"rendered":"March\u00e9 Aveyronnais 2012!"},"content":{"rendered":"<p style=\"text-align: center;\"><a href=\"http:\/\/youkies.fr\/blog\/wp-content\/uploads\/2012\/10\/Aveyron_2.jpg\"><img loading=\"lazy\" class=\"aligncenter size-full wp-image-1086\" title=\"Aveyron_2\" src=\"http:\/\/youkies.fr\/blog\/wp-content\/uploads\/2012\/10\/Aveyron_2.jpg\" alt=\"\" width=\"675\" height=\"456\" srcset=\"https:\/\/youkies.fr\/blog\/wp-content\/uploads\/2012\/10\/Aveyron_2.jpg 675w, https:\/\/youkies.fr\/blog\/wp-content\/uploads\/2012\/10\/Aveyron_2-300x202.jpg 300w\" sizes=\"(max-width: 675px) 100vw, 675px\" \/><\/a><a href=\"http:\/\/youkies.fr\/blog\/wp-content\/uploads\/2012\/10\/Aveyron_2.jpg\"><\/a><\/p>\n<p>Comme tous les ans \u00e0 la m\u00eame p\u00e9riode,\u00a0l\u2019Aveyron\u00a0d\u00e9barque \u00e0 Paris pour 3 jours de folie\u2026<br \/>\nApr\u00e8s les 2 matchs de samedi, l\u2019\u00e9quipe 1 et l\u2019\u00e9quipe 2 ont donc rendez-vous vers 18h30 pour d\u00e9guster une saucisse-aligot ou autres sp\u00e9cialit\u00e9s de la r\u00e9gion.<\/p>\n<p>On vous y attend (lieu: rue de l\u2019Aubrac 75012, Ligne 14: Cour St Emilion)!<\/p>\n<p>Record \u00e0 battre: \u00eatre le plus nombreux possible devant le stand de saucisse aligot!<\/p>\n<p>Pour ceux qui veulent, vous pouvez vous entrainer d\u00e8s ce soir!\u00a0 ;o)<\/p>\n<p>========================================================<\/p>\n<p><strong>March\u00e9 Aveyronnais ***INFO de derni\u00e8re minute***<\/strong><\/p>\n<p>Les organisateur bien conscients de l\u2019ambiance unique apport\u00e9e par les Youkies chaque ann\u00e9e le Samedi soir ont d\u00e9cid\u00e9 cette ann\u00e9e, pour la premi\u00e8re fois, une seconde nocturne, le samedi 13 octobre.<\/p>\n<p>Ainsi valeureux Youkies plus besoin de te doucher en 5 minutes pour partir de la Grenouill\u00e8re bi\u00e8re \u00e0 la main (et victoire en poche comme demand\u00e9 par nos coachs et souhait\u00e9 de tous) et traverser ventre \u00e0 terre tout Paris pour profiter d\u2019un repas frugal d\u00fb \u00e0 la fermeture des stands\u00a0! Non cette ann\u00e9e tu devrais pouvoir te faire p\u00eater la panse.<\/p>\n<p>Donc pas d\u2019excuses (sauf contrindication m\u00e9dicale) et RDV d\u00e8s 18h jusqu\u2019\u00e0\u2026 Ca d\u00e9pends de ton % artistique.<br \/>\nTous au march\u00e9 Aveyronnais\u00a0!<\/p>\n<p><a href=\"http:\/\/www.marche-pays-aveyron.fr\/spip.php?article309\">http:\/\/www.marche-pays-aveyron.fr\/spip.php?article309<\/a><\/p>\n<p>La fiesta Teams<\/p>\n","protected":false},"excerpt":{"rendered":"<p>Comme tous les ans \u00e0 la m\u00eame p\u00e9riode,\u00a0l\u2019Aveyron\u00a0d\u00e9barque \u00e0 Paris pour 3 jours de folie\u2026 Apr\u00e8s les 2 matchs de samedi, l\u2019\u00e9quipe 1 et l\u2019\u00e9quipe 2 ont donc rendez-vous vers 18h30 pour d\u00e9guster une saucisse-aligot ou autres sp\u00e9cialit\u00e9s de la r\u00e9gion. On vous y attend (lieu: rue de l\u2019Aubrac 75012, Ligne 14: Cour St Emilion)! [&hellip;]<\/p>\n","protected":false},"author":11,"featured_media":1086,"comment_status":"open","ping_status":"open","sticky":false,"template":"","format":"standard","meta":[],"categories":[5],"tags":[],"_links":{"self":[{"href":"https:\/\/youkies.fr\/blog\/wp-json\/wp\/v2\/posts\/1085"}],"collection":[{"href":"https:\/\/youkies.fr\/blog\/wp-json\/wp\/v2\/posts"}],"about":[{"href":"https:\/\/youkies.fr\/blog\/wp-json\/wp\/v2\/types\/post"}],"author":[{"embeddable":true,"href":"https:\/\/youkies.fr\/blog\/wp-json\/wp\/v2\/users\/11"}],"replies":[{"embeddable":true,"href":"https:\/\/youkies.fr\/blog\/wp-json\/wp\/v2\/comments?post=1085"}],"version-history":[{"count":4,"href":"https:\/\/youkies.fr\/blog\/wp-json\/wp\/v2\/posts\/1085\/revisions"}],"predecessor-version":[{"id":1090,"href":"https:\/\/youkies.fr\/blog\/wp-json\/wp\/v2\/posts\/1085\/revisions\/1090"}],"wp:featuredmedia":[{"embeddable":true,"href":"https:\/\/youkies.fr\/blog\/wp-json\/wp\/v2\/media\/1086"}],"wp:attachment":[{"href":"https:\/\/youkies.fr\/blog\/wp-json\/wp\/v2\/media?parent=1085"}],"wp:term":[{"taxonomy":"category","embeddable":true,"href":"https:\/\/youkies.fr\/blog\/wp-json\/wp\/v2\/categories?post=1085"},{"taxonomy":"post_tag","embeddable":true,"href":"https:\/\/youkies.fr\/blog\/wp-json\/wp\/v2\/tags?post=1085"}],"curies":[{"name":"wp","href":"https:\/\/api.w.org\/{rel}","templated":true}]}}