{"id":1182,"date":"2012-12-31T12:44:10","date_gmt":"2012-12-31T11:44:10","guid":{"rendered":"http:\/\/youkies.fr\/blog\/?p=1182"},"modified":"2012-12-31T13:09:40","modified_gmt":"2012-12-31T12:09:40","slug":"nouvelles-de-l%e2%80%99infirmerie-nous-les-attendons-pour-2013%e2%80%a6","status":"publish","type":"post","link":"https:\/\/youkies.fr\/blog\/nouvelles-de-l%e2%80%99infirmerie-nous-les-attendons-pour-2013%e2%80%a6","title":{"rendered":"Nouvelles de l\u2019infirmerie : nous les attendons pour 2013\u2026"},"content":{"rendered":"<p style=\"text-align: center;\"><a href=\"http:\/\/youkies.fr\/blog\/wp-content\/uploads\/2012\/12\/croix-rouge.png\"><img loading=\"lazy\" class=\"aligncenter size-full wp-image-1194\" title=\"croix rouge\" src=\"http:\/\/youkies.fr\/blog\/wp-content\/uploads\/2012\/12\/croix-rouge.png\" alt=\"\" width=\"229\" height=\"220\" \/><\/a><\/p>\n<p>La derni\u00e8re ligne droite de la 1ere phase du championnat des clubs du samedi se profile devant nous en ce d\u00e9but d\u2019ann\u00e9e 2013. Il est temps de faire un point sur l\u2019\u00e9tat de l\u2019infirmerie des Youkies, de dire \u00e0 nos bless\u00e9s que nous pensons bien a eux dans leur moment de gal\u00e8re et de doutes\u00a0; et que nous les attendons de pied ferme en 2013\u00a0!<\/p>\n<p style=\"text-align: center;\"><a href=\"http:\/\/youkies.fr\/blog\/wp-content\/uploads\/2012\/12\/infirmi\u00e8re.png\"><img loading=\"lazy\" class=\"aligncenter size-full wp-image-1184\" title=\"infirmi\u00e8re\" src=\"http:\/\/youkies.fr\/blog\/wp-content\/uploads\/2012\/12\/infirmi\u00e8re.png\" alt=\"\" width=\"141\" height=\"302\" srcset=\"https:\/\/youkies.fr\/blog\/wp-content\/uploads\/2012\/12\/infirmi\u00e8re.png 141w, https:\/\/youkies.fr\/blog\/wp-content\/uploads\/2012\/12\/infirmi\u00e8re-140x300.png 140w\" sizes=\"(max-width: 141px) 100vw, 141px\" \/><\/a><\/p>\n<p>Voici les informations sur nos bless\u00e9s(en esp\u00e9rant n\u2019avoir oubli\u00e9 personne, si c\u2019est le cas, faites le nous savoir\u00a0!!)\u00a0:<\/p>\n<ul>\n<li>S\u00e9bastien A.:\n<ul>\n<li>Blessure\u00a0: cheville cass\u00e9 le 13 octobre,       durant le match contre la SoG\u00e9(s\u2019en ai rendu compte une semaine plus       tard..)<\/li>\n<li>Retour pr\u00e9vu\u00a0: de retour \u00e0       Max Rousi\u00e9 le 16 janvier\u2026 \u00ab\u00a0et en match d\u00e8s que le Coach me       s\u00e9lectionnera\u00a0\u00bb<\/li>\n<\/ul>\n<\/li>\n<\/ul>\n<ul>\n<li>William O.\u00a0:\n<ul>\n<li>Blessure\u00a0: probl\u00e8mes de dos \u00e0 r\u00e9p\u00e9tition       =&gt; lombalgie<\/li>\n<li>Retour pr\u00e9vu\u00a0: Ost\u00e9o + repos       = retour pr\u00e9vu d\u00e9but janvier<\/li>\n<\/ul>\n<\/li>\n<\/ul>\n<ul>\n<li>Jean-Baptiste M.(JB):\n<ul>\n<li>Blessure\u00a0:\u00a0 13\/05\/2012 : Rupture du tendon       d&rsquo;achille droit lors d&rsquo;un match de tennis<\/li>\n<li>Retour pr\u00e9vu\u00a0:\u00a0 Autorisation de trottiner en d\u00e9cembre       et d&rsquo;acc\u00e9l\u00e9rer courant janvier retour aux entrainements en janvier.<\/li>\n<\/ul>\n<\/li>\n<\/ul>\n<ul>\n<li>Lancelot d\u2019H.(Centertown)\u00a0:\n<ul>\n<li>Blessure\u00a0: bobo au genou pendant le       matchs des pompiers<\/li>\n<li>Retour pr\u00e9vu\u00a0: Si tout va       bien et pas de nouvelle alerte, retour pr\u00e9vu d\u00e9but janvier.<\/li>\n<\/ul>\n<\/li>\n<\/ul>\n<ul>\n<li>Laurent M.(Lolo)\u00a0:\n<ul>\n<li>Blessure\u00a0: r\u00e9activation d&rsquo;une tendinite       au genou qui traine depuis plus de 10 ans et qui revient de temps en       temps\u00a0; l\u00e0 fin d&rsquo;entra\u00eenement du 12 d\u00e9cembre<\/li>\n<li>Retour pr\u00e9vu\u00a0: session       d\u2019infiltration+ 2-3 semaines de repos= retour debut janvier<\/li>\n<\/ul>\n<\/li>\n<\/ul>\n<ul>\n<li>Matthieu R.:\n<ul>\n<li>Blessure\u00a0: fracture du doigt le 28 novembre lors de l&rsquo;entrainement sur un       placage. Op\u00e9ration le 30 avec mise en place de 2 vis.<\/li>\n<li>Retour pr\u00e9vu\u00a0:\u00a0 RdV       avec le chirurgien le 7 janvier pour des radios de contr\u00f4le et retour sur       les terrains esp\u00e9r\u00e9 d\u00e9but f\u00e9vrier.<\/li>\n<\/ul>\n<\/li>\n<\/ul>\n<ul>\n<li>Yann C.(KFP)\u00a0:\n<ul>\n<li>Blessure\u00a0: Hernie discale L5\/S1       contract\u00e9e en Mars\/Avril mais soign\u00e9e que depuis Octobre<\/li>\n<li> Retour       pr\u00e9vu\u00a0:       Terrain d\u2019entrainement en Mars\/Avril en fonction de la progression des       s\u00e9ances de Kin\u00e9.<\/li>\n<\/ul>\n<\/li>\n<\/ul>\n<ul>\n<li>Thierry S.:\n<ul>\n<li>Blessure\u00a0: d\u00e9licatesse avec la cheville<\/li>\n<li>Retour pr\u00e9vu\u00a0: retour d\u00e9but       janvier<\/li>\n<\/ul>\n<\/li>\n<\/ul>\n<ul>\n<li>Benoit .(PouPou):\n<ul>\n<li>Blessure\u00a0: 28\/04\/2012,       tournoi \u00e0 7 \u00e0 Max Roussi\u00e9. Rupture du tendon d&rsquo;Achille lors d&rsquo;un       changement d&rsquo;appui pendant un sprint.<\/li>\n<li>Retour pr\u00e9vu\u00a0:\u00a0 Retour       progressif pr\u00e9vu d\u00e9but janvier pour les entra\u00eenements mais pas de matchs       avant la fin de saison<\/li>\n<\/ul>\n<\/li>\n<li>Matthieu H.(Goel\u00a0?)\u00a0:\n<ul>\n<li>Blessure\u00a0: 15 d\u00e9cembre lors d&rsquo;une pers\u00e9e       fantastique dans la ligne de 3\/4 des pompiers qui aurait du \u00eatre suivi       d&rsquo;une passe avant contact<\/li>\n<li> Retour       pr\u00e9vu\u00a0:       premi\u00e8re ou deuxi\u00e8me semaine de janvier<\/li>\n<\/ul>\n<\/li>\n<\/ul>\n<ul>\n<li>Seb P.:\n<ul>\n<li>Blessure\u00a0: trauma du genou de la       mi-juillet (toucher de merde!!)<\/li>\n<li>Retour pr\u00e9vu\u00a0: pas de retour       envisageable s\u00e9rieusement pour cette saison<\/li>\n<\/ul>\n<\/li>\n<\/ul>\n<ul>\n<li>Christophe B.:\n<ul>\n<li>Blessure\u00a0: mal de dos<\/li>\n<li>Retour pr\u00e9vu\u00a0: retour d\u00e9but       janvier<\/li>\n<\/ul>\n<\/li>\n<\/ul>\n<ul>\n<li>Loic.B:\n<ul>\n<li>Blessure\u00a0: fracture       d\u2019un doigt<\/li>\n<li>Retour pr\u00e9vu\u00a0:\u00a0 tbd<\/li>\n<\/ul>\n<\/li>\n<li>Florian C.\u00a0:\n<ul>\n<li>Blessure\u00a0: ligaments du genou<\/li>\n<li> Retour       pr\u00e9vu\u00a0:       ne jouera pas cette saison<\/li>\n<\/ul>\n<\/li>\n<\/ul>\n<ul>\n<li>Hugues D.(Hugros)\u00a0:\n<ul>\n<li>Blessure\u00a0: articulation poignets<\/li>\n<li> Retour       pr\u00e9vu\u00a0:       tbd<\/li>\n<\/ul>\n<\/li>\n<\/ul>\n<ul>\n<li>Sylvain L.(Nard)\u00a0:\n<ul>\n<li>Blessure\u00a0: fracture du pied suite \u00e0 un       accident de scooter<\/li>\n<li> Retour       pr\u00e9vu\u00a0:       ne jouera pas cette saison<\/li>\n<\/ul>\n<\/li>\n<\/ul>\n<ul>\n<li>Jean-Luc M\u00a0:\n<ul>\n<li>Blessure\u00a0: genou<\/li>\n<li> Retour       pr\u00e9vu\u00a0:       tbd<\/li>\n<\/ul>\n<\/li>\n<\/ul>\n<ul>\n<li>Nicolas P.:\n<ul>\n<li>Blessure\u00a0: genou<\/li>\n<li> Retour       pr\u00e9vu\u00a0:       tbd<\/li>\n<\/ul>\n<\/li>\n<\/ul>\n<ul>\n<li>Pierre R.(Pierrot)\u00a0:\n<ul>\n<li>Blessure\u00a0: cervicales<\/li>\n<li> Retour       pr\u00e9vu\u00a0:       reprise en janvier normalement<\/li>\n<\/ul>\n<\/li>\n<\/ul>\n<ul>\n<li>Marc S.\u00a0:\n<ul>\n<li>Blessure\u00a0: clavicule cass\u00e9e contre RC       Vincennes<\/li>\n<li> Retour       pr\u00e9vu\u00a0:       tbd<\/li>\n<\/ul>\n<\/li>\n<\/ul>\n<p>Soit une \u00e9quipe de rugby compl\u00e8te avec les rempla\u00e7ants\u2026.<\/p>\n","protected":false},"excerpt":{"rendered":"<p>La derni\u00e8re ligne droite de la 1ere phase du championnat des clubs du samedi se profile devant nous en ce d\u00e9but d\u2019ann\u00e9e 2013. Il est temps de faire un point sur l\u2019\u00e9tat de l\u2019infirmerie des Youkies, de dire \u00e0 nos bless\u00e9s que nous pensons bien a eux dans leur moment de gal\u00e8re et de doutes\u00a0; [&hellip;]<\/p>\n","protected":false},"author":11,"featured_media":1194,"comment_status":"open","ping_status":"open","sticky":false,"template":"","format":"standard","meta":[],"categories":[7],"tags":[],"_links":{"self":[{"href":"https:\/\/youkies.fr\/blog\/wp-json\/wp\/v2\/posts\/1182"}],"collection":[{"href":"https:\/\/youkies.fr\/blog\/wp-json\/wp\/v2\/posts"}],"about":[{"href":"https:\/\/youkies.fr\/blog\/wp-json\/wp\/v2\/types\/post"}],"author":[{"embeddable":true,"href":"https:\/\/youkies.fr\/blog\/wp-json\/wp\/v2\/users\/11"}],"replies":[{"embeddable":true,"href":"https:\/\/youkies.fr\/blog\/wp-json\/wp\/v2\/comments?post=1182"}],"version-history":[{"count":3,"href":"https:\/\/youkies.fr\/blog\/wp-json\/wp\/v2\/posts\/1182\/revisions"}],"predecessor-version":[{"id":1186,"href":"https:\/\/youkies.fr\/blog\/wp-json\/wp\/v2\/posts\/1182\/revisions\/1186"}],"wp:featuredmedia":[{"embeddable":true,"href":"https:\/\/youkies.fr\/blog\/wp-json\/wp\/v2\/media\/1194"}],"wp:attachment":[{"href":"https:\/\/youkies.fr\/blog\/wp-json\/wp\/v2\/media?parent=1182"}],"wp:term":[{"taxonomy":"category","embeddable":true,"href":"https:\/\/youkies.fr\/blog\/wp-json\/wp\/v2\/categories?post=1182"},{"taxonomy":"post_tag","embeddable":true,"href":"https:\/\/youkies.fr\/blog\/wp-json\/wp\/v2\/tags?post=1182"}],"curies":[{"name":"wp","href":"https:\/\/api.w.org\/{rel}","templated":true}]}}