{"id":183,"date":"2008-09-17T21:45:00","date_gmt":"2008-09-17T21:45:00","guid":{"rendered":"http:\/\/youkies.fr\/blog\/le-couscous-de-rentree-du-comite-des-fetes"},"modified":"2008-09-17T21:45:00","modified_gmt":"2008-09-17T21:45:00","slug":"le-couscous-de-rentree-du-comite-des-fetes","status":"publish","type":"post","link":"https:\/\/youkies.fr\/blog\/le-couscous-de-rentree-du-comite-des-fetes","title":{"rendered":"Le couscous de rentr\u00e9e du comit\u00e9 des f\u00eates !"},"content":{"rendered":"<p>Apr\u00e8s la rentr\u00e9e sur le pr\u00e9 et la prise en main des entra\u00eenements par La Miche et Le Pr\u00e9sident, c&#8217;est au tour du comit\u00e9 des f\u00eates de faire sa rentr\u00e9e.<\/p>\n<p><img src=\"\/dotclear\/images\/couscous-bois-red2.jpg\" alt=\"couscous\" style=\"display:block; margin:0 auto;\" \/><\/p>\n<p>Le 1er \u00e9v\u00e9nement de cette saison 2008\/2009 est le traditionnel CousCous de rentr\u00e9e. Il  aura lieu le <strong>mercredi 17 septembre<\/strong> \u00e0 21h45 chez Mounio, apr\u00e8s l&#8217;entra\u00eenement. Ce couscous est tr\u00e8s important pour les Youkies&nbsp;: c&#8217;est notre potion magique. Il fait partie du parcours pour monter en 1ere&nbsp;!<\/p>\n<p>A fiesta Youkies, tenues Youkies de rigueur (chemisette + foulard)&nbsp;! Pour les nouveaux, et les renouvellements, un stand \u00ab&nbsp;vente de chemisette et foulard&nbsp;\u00bb sera \u00e0 votre disposition \u00e0 cot\u00e9 du zinc.<\/p>\n<p>Il ne te reste plus qu&#8217;a valider ton inscription. Si tu viens accompagn\u00e9 de ta moiti\u00e9, ajoute un commentaire pour qu&#8217;on rajoute un couvert&#8230;.<\/p>\n<p>Si t&#8217;es pas inscrit sur le google-calandar, si tu as des questions, profites du mercredi soir, ou envois-nous un courriel \u00e0 bureau-youkies@googlegroups.com.<\/p>\n<p>Ze Fiesta Team (Pierre, Nico M. et marcien)<\/p>\n","protected":false},"excerpt":{"rendered":"<p>Apr\u00e8s la rentr\u00e9e sur le pr\u00e9 et la prise en main des entra\u00eenements par La Miche et Le Pr\u00e9sident, c&#8217;est au tour du comit\u00e9 des f\u00eates de faire sa rentr\u00e9e. Le 1er \u00e9v\u00e9nement de cette saison 2008\/2009 est le traditionnel CousCous de rentr\u00e9e. Il aura lieu le mercredi 17 septembre \u00e0 21h45 chez Mounio, apr\u00e8s [&hellip;]<\/p>\n","protected":false},"author":11,"featured_media":0,"comment_status":"open","ping_status":"open","sticky":false,"template":"","format":"standard","meta":[],"categories":[5],"tags":[],"_links":{"self":[{"href":"https:\/\/youkies.fr\/blog\/wp-json\/wp\/v2\/posts\/183"}],"collection":[{"href":"https:\/\/youkies.fr\/blog\/wp-json\/wp\/v2\/posts"}],"about":[{"href":"https:\/\/youkies.fr\/blog\/wp-json\/wp\/v2\/types\/post"}],"author":[{"embeddable":true,"href":"https:\/\/youkies.fr\/blog\/wp-json\/wp\/v2\/users\/11"}],"replies":[{"embeddable":true,"href":"https:\/\/youkies.fr\/blog\/wp-json\/wp\/v2\/comments?post=183"}],"version-history":[{"count":0,"href":"https:\/\/youkies.fr\/blog\/wp-json\/wp\/v2\/posts\/183\/revisions"}],"wp:attachment":[{"href":"https:\/\/youkies.fr\/blog\/wp-json\/wp\/v2\/media?parent=183"}],"wp:term":[{"taxonomy":"category","embeddable":true,"href":"https:\/\/youkies.fr\/blog\/wp-json\/wp\/v2\/categories?post=183"},{"taxonomy":"post_tag","embeddable":true,"href":"https:\/\/youkies.fr\/blog\/wp-json\/wp\/v2\/tags?post=183"}],"curies":[{"name":"wp","href":"https:\/\/api.w.org\/{rel}","templated":true}]}}