{"id":194,"date":"2008-10-11T17:30:00","date_gmt":"2008-10-11T17:30:00","guid":{"rendered":"http:\/\/youkies.fr\/blog\/les-marches-des-pays-de-laveyron"},"modified":"2008-10-11T17:30:00","modified_gmt":"2008-10-11T17:30:00","slug":"les-marches-des-pays-de-laveyron","status":"publish","type":"post","link":"https:\/\/youkies.fr\/blog\/les-marches-des-pays-de-laveyron","title":{"rendered":"Les March\u00e9s des Pays de l\u2019Aveyron"},"content":{"rendered":"<p><strong>Notre Philippe<\/strong>, en embassadeur enti\u00e8rement d\u00e9vou\u00e9 \u00e0 la cause de l&rsquo;aveyron, son aligot, ses cochonnailles et son vin euh&#8230; puissant&#8230; vous accueillera comme il se doit au <strong>march\u00e9 aveyronnais<\/strong> apr\u00e8s les 2 matchs de ce <strong>samedi 11 octobre<\/strong>!<\/p>\n<p>Alors ne trainez pas sous la douche, ne vous \u00e9garez pas ni \u00e0 Bobigny ni \u00e0 Pershing et courez (ou rampez si vous aviez perdu l&rsquo;usage d&rsquo;un membre l&rsquo;apr\u00e8s-midi) \u00e0 <strong>Bercy Villages<\/strong> le retrouver dans l&rsquo;ambiance des bon copains!!! <strong>RdV \u00e0 partir de 17h30<\/strong>.<\/p>\n<p><img src=\"\/dotclear\/images\/Marche_aveyron.jpg\" alt=\"March\u00e9 aveyron\" style=\"display:block; margin:0 auto;\" \/><\/p>\n<p><!--more--><\/p>\n<p>La premi\u00e8re \u00e9dition a eu lieu en l&#8217;an 2000 \u00e0 Paris, dans le quartier de Bercy. Constamment renouvel\u00e9 depuis, en ce m\u00eame lieu et \u00e0 la m\u00eame \u00e9poque&#8230;<\/p>\n<p>La prochaine \u00e9dition aura lieu les 10, 11 et 12 octobre 2008 \u00e0 Paris dans le quartier de Bercy autour de la rue de l&#8217;Aubrac. Pour la premi\u00e8re fois, une nocturne sera organis\u00e9e le vendredi soir jusqu&#8217;\u00e0 22h<br \/>\n<ins>(Attention: il faut prendre des forces&#8230; mais pas trop boire, il y a MATCH le lendemain!!!)<\/ins>  ;o)<\/p>\n<p>Pour ceux qui ne connaissent pas: plus de 100 exposants, artisans et producteurs r\u00e9gionaux (charcuterie, salaison, aligot, fouace, vin, artisanat, tourisme&#8230;) pour des d\u00e9gustations sur place ou de la vente \u00e0 emporter&#8230; Mais aussi de nombreux groupes folkloriques, de l&rsquo;initiation \u00e0 la quilles de huit (sport local!) et des animations sur de vieux m\u00e9tiers aujourd&#8217;hui disparus&#8230;<\/p>\n<p><strong>Rien de mieux pour se remettre d&rsquo;un match de rugby et pour faire la 3\u00e8me mi-temps!!!<\/strong><\/p>\n<p><img src=\"\/dotclear\/images\/Bercy-2008.jpg\" alt=\"plan d&#039;acc\u00e8s\" style=\"display:block; margin:0 auto;\" \/><\/p>\n","protected":false},"excerpt":{"rendered":"<p><strong>Notre Philippe<\/strong>, en embassadeur enti\u00e8rement d\u00e9vou\u00e9 \u00e0 la cause de l&rsquo;aveyron, son aligot, ses cochonnailles et son vin euh&#8230; puissant&#8230; vous accueillera comme il se doit au <strong>march\u00e9 aveyronnais<\/strong> apr\u00e8s les 2 matchs de ce <strong>samedi 11 octobre<\/strong>!<\/p>\n<p>Alors ne trainez pas sous la douche, ne vous \u00e9garez pas ni \u00e0 Bobigny ni \u00e0 Pershing et courez (ou rampez si vous aviez perdu l&rsquo;usage d&rsquo;un membre l&rsquo;apr\u00e8s-midi) \u00e0 <strong>Bercy Villages<\/strong> le retrouver dans l&rsquo;ambiance des bon copains!!! <strong>RdV \u00e0 partir de 17h30<\/strong>.<\/p>\n<p><img src=\"\/dotclear\/images\/Marche_aveyron.jpg\" alt=\"March\u00e9 aveyron\" style=\"display:block; margin:0 auto;\" \/><\/p>\n","protected":false},"author":11,"featured_media":0,"comment_status":"open","ping_status":"open","sticky":false,"template":"","format":"standard","meta":[],"categories":[5],"tags":[],"_links":{"self":[{"href":"https:\/\/youkies.fr\/blog\/wp-json\/wp\/v2\/posts\/194"}],"collection":[{"href":"https:\/\/youkies.fr\/blog\/wp-json\/wp\/v2\/posts"}],"about":[{"href":"https:\/\/youkies.fr\/blog\/wp-json\/wp\/v2\/types\/post"}],"author":[{"embeddable":true,"href":"https:\/\/youkies.fr\/blog\/wp-json\/wp\/v2\/users\/11"}],"replies":[{"embeddable":true,"href":"https:\/\/youkies.fr\/blog\/wp-json\/wp\/v2\/comments?post=194"}],"version-history":[{"count":0,"href":"https:\/\/youkies.fr\/blog\/wp-json\/wp\/v2\/posts\/194\/revisions"}],"wp:attachment":[{"href":"https:\/\/youkies.fr\/blog\/wp-json\/wp\/v2\/media?parent=194"}],"wp:term":[{"taxonomy":"category","embeddable":true,"href":"https:\/\/youkies.fr\/blog\/wp-json\/wp\/v2\/categories?post=194"},{"taxonomy":"post_tag","embeddable":true,"href":"https:\/\/youkies.fr\/blog\/wp-json\/wp\/v2\/tags?post=194"}],"curies":[{"name":"wp","href":"https:\/\/api.w.org\/{rel}","templated":true}]}}