{"id":243,"date":"2009-08-06T16:05:44","date_gmt":"2009-08-06T16:05:44","guid":{"rendered":"http:\/\/youkies.fr\/blog\/youkies-saison-2009-2010"},"modified":"2009-08-06T16:05:44","modified_gmt":"2009-08-06T16:05:44","slug":"youkies-saison-2009-2010","status":"publish","type":"post","link":"https:\/\/youkies.fr\/blog\/youkies-saison-2009-2010","title":{"rendered":"Youkies &#8211; Saison 2009\/2010"},"content":{"rendered":"<p>Tout d\u00e9j\u00e0:<\/p>\n<blockquote>\n<p>bonnes vacances \u00e0 ceux qui ne sont pas encore partis!!! <br \/>\n(et: \u00ab\u00a0j&rsquo;esp\u00e8re que vous avez pass\u00e9 de bonnes vacances?\u00a0\u00bb&#8230; aux autres \ud83d\ude09 )<\/p>\n<\/blockquote>\n<p>Comme vous le savez, les entrainements reprennent officiellement \u00e0 partir du mercredi 19 ao\u00fbt au <strong>stade Max Rousi\u00e9<\/strong> (28 rue Andr\u00e9 Brechet dans le XVII\u00e8me, m\u00e9tro porte de Saint-Ouen):<\/p>\n<ul>\n<li>dans le vestiaire d\u00e8s 19h45,<\/li>\n<li>sur le terrain \u00e0 20h00,<\/li>\n<li>sur les genoux \u00e0 22h30!  \ud83d\ude09<\/li>\n<\/ul>\n<p>(Pour rappel: le terrain est en pelouse synth\u00e9tique, pr\u00e9voir les moul\u00e9s voire les baskets).<\/p>\n<p>Cela ne vous emp\u00eache pas de venir nous rejoindre d\u00e8s mercredi prochain pour vous d\u00e9gourdir les jambes et peaufiner votre entrainement physique de l&rsquo;\u00e9t\u00e9&#8230;. (cf programme du coach envoy\u00e9 par mail)<\/p>\n<p><img src=\"\/dotclear\/images\/wanted.jpg\" alt=\"recherche\" style=\"display:block; margin:0 auto;\" \/><\/p>\n<p><strong><ins>Depuis d\u00e9but Septembre, les entrainements sont d\u00e9sormais le jeudi soir, de 20h00 jusqu&rsquo;\u00e0 22h30&#8230;<\/ins><\/strong><\/p>\n<p>Par ailleurs, Je vous rappelle aussi que le recrutement est ouvert et que toutes personnes (majeures, avec ou sans cooptation) voulant venir jouer au rugby avec nous est le bienvenue!<\/p>\n<p>Renseignements \u00e0 prendre sur le terrain ou en nous envoyant un mail \u00e0 bureau-youkies@googlegroups.com<\/p>\n<p>\u00e0 mercredi donc!<\/p>\n","protected":false},"excerpt":{"rendered":"<p>Tout d\u00e9j\u00e0: bonnes vacances \u00e0 ceux qui ne sont pas encore partis!!! (et: \u00ab\u00a0j&rsquo;esp\u00e8re que vous avez pass\u00e9 de bonnes vacances?\u00a0\u00bb&#8230; aux autres \ud83d\ude09 ) Comme vous le savez, les entrainements reprennent officiellement \u00e0 partir du mercredi 19 ao\u00fbt au stade Max Rousi\u00e9 (28 rue Andr\u00e9 Brechet dans le XVII\u00e8me, m\u00e9tro porte de Saint-Ouen): dans [&hellip;]<\/p>\n","protected":false},"author":11,"featured_media":0,"comment_status":"open","ping_status":"open","sticky":false,"template":"","format":"standard","meta":[],"categories":[4],"tags":[],"_links":{"self":[{"href":"https:\/\/youkies.fr\/blog\/wp-json\/wp\/v2\/posts\/243"}],"collection":[{"href":"https:\/\/youkies.fr\/blog\/wp-json\/wp\/v2\/posts"}],"about":[{"href":"https:\/\/youkies.fr\/blog\/wp-json\/wp\/v2\/types\/post"}],"author":[{"embeddable":true,"href":"https:\/\/youkies.fr\/blog\/wp-json\/wp\/v2\/users\/11"}],"replies":[{"embeddable":true,"href":"https:\/\/youkies.fr\/blog\/wp-json\/wp\/v2\/comments?post=243"}],"version-history":[{"count":0,"href":"https:\/\/youkies.fr\/blog\/wp-json\/wp\/v2\/posts\/243\/revisions"}],"wp:attachment":[{"href":"https:\/\/youkies.fr\/blog\/wp-json\/wp\/v2\/media?parent=243"}],"wp:term":[{"taxonomy":"category","embeddable":true,"href":"https:\/\/youkies.fr\/blog\/wp-json\/wp\/v2\/categories?post=243"},{"taxonomy":"post_tag","embeddable":true,"href":"https:\/\/youkies.fr\/blog\/wp-json\/wp\/v2\/tags?post=243"}],"curies":[{"name":"wp","href":"https:\/\/api.w.org\/{rel}","templated":true}]}}