{"id":246,"date":"2009-09-29T14:23:01","date_gmt":"2009-09-29T14:23:01","guid":{"rendered":"http:\/\/youkies.fr\/blog\/marche-aveyronnais-cuve-2009"},"modified":"2009-09-29T14:23:01","modified_gmt":"2009-09-29T14:23:01","slug":"marche-aveyronnais-cuve-2009","status":"publish","type":"post","link":"https:\/\/youkies.fr\/blog\/marche-aveyronnais-cuve-2009","title":{"rendered":"March\u00e9 Aveyronnais, cuv\u00e9 2009!"},"content":{"rendered":"<p>Comme chaque ann\u00e9e, les Youkies sont attendus au march\u00e9 Aveyronnais apr\u00e8s les 2 matchs de samedi 10 octobre!<br \/>\nNotre Philou local nous accueillera autours des saucisses, de l&rsquo;aligot et de quelques verres!<\/p>\n<p><img src=\"\/dotclear\/images\/Marche_aveyron_2009.jpg\" alt=\"Aveyron\" style=\"display:block; margin:0 auto;\" \/><\/p>\n<p>Alors ne trainez pas sous la douche, ne vous \u00e9garez pas sur la route et rdv rue de l&rsquo;Aubrac Cours St Emilion!!!<\/p>\n","protected":false},"excerpt":{"rendered":"<p>Comme chaque ann\u00e9e, les Youkies sont attendus au march\u00e9 Aveyronnais apr\u00e8s les 2 matchs de samedi 10 octobre! Notre Philou local nous accueillera autours des saucisses, de l&rsquo;aligot et de quelques verres! Alors ne trainez pas sous la douche, ne vous \u00e9garez pas sur la route et rdv rue de l&rsquo;Aubrac Cours St Emilion!!!<\/p>\n","protected":false},"author":11,"featured_media":0,"comment_status":"open","ping_status":"open","sticky":false,"template":"","format":"standard","meta":[],"categories":[5],"tags":[],"_links":{"self":[{"href":"https:\/\/youkies.fr\/blog\/wp-json\/wp\/v2\/posts\/246"}],"collection":[{"href":"https:\/\/youkies.fr\/blog\/wp-json\/wp\/v2\/posts"}],"about":[{"href":"https:\/\/youkies.fr\/blog\/wp-json\/wp\/v2\/types\/post"}],"author":[{"embeddable":true,"href":"https:\/\/youkies.fr\/blog\/wp-json\/wp\/v2\/users\/11"}],"replies":[{"embeddable":true,"href":"https:\/\/youkies.fr\/blog\/wp-json\/wp\/v2\/comments?post=246"}],"version-history":[{"count":0,"href":"https:\/\/youkies.fr\/blog\/wp-json\/wp\/v2\/posts\/246\/revisions"}],"wp:attachment":[{"href":"https:\/\/youkies.fr\/blog\/wp-json\/wp\/v2\/media?parent=246"}],"wp:term":[{"taxonomy":"category","embeddable":true,"href":"https:\/\/youkies.fr\/blog\/wp-json\/wp\/v2\/categories?post=246"},{"taxonomy":"post_tag","embeddable":true,"href":"https:\/\/youkies.fr\/blog\/wp-json\/wp\/v2\/tags?post=246"}],"curies":[{"name":"wp","href":"https:\/\/api.w.org\/{rel}","templated":true}]}}