{"id":268,"date":"2010-06-03T15:23:53","date_gmt":"2010-06-03T15:23:53","guid":{"rendered":"http:\/\/youkies.fr\/blog\/enfin-quelqu-un-d-original-uniquement-rapport-au-prenom"},"modified":"2010-06-03T15:23:53","modified_gmt":"2010-06-03T15:23:53","slug":"enfin-quelqu-un-d-original-uniquement-rapport-au-prenom","status":"publish","type":"post","link":"https:\/\/youkies.fr\/blog\/enfin-quelqu-un-d-original-uniquement-rapport-au-prenom","title":{"rendered":"Enfin quelqu&rsquo;un d&rsquo;original&#8230; uniquement rapport au pr\u00e9nom!*"},"content":{"rendered":"<p>(*: quoique la fameuse chanson des \u00ab\u00a0quiches au four\u00a0\u00bb datant de 2002 \u00e9tait aussi pour un b\u00e9b\u00e9 au m\u00eame pr\u00e9nom&#8230; \ud83d\ude09 ) <\/p>\n<p>Et oui, d&rsquo;ici 15 \u00e0 20 ans, et gr\u00e2ce \u00e0 <em>Mr &amp; Mme Hesk<\/em> (facile, je sais&#8230;) nous allons pouvoir ouvrir la section \u00ab\u00a0f\u00e9minine\u00a0\u00bb avec notre future \u00e9quipes des <strong>Youkinettes<\/strong>!<br \/>\n( les PROCins ont bien les Gorettes, pourquoi pas nous!)<\/p>\n<p><img src=\"\/dotclear\/images\/romaneMesplet.JPG\" alt=\"Romane\" style=\"display:block; margin:0 auto;\" \/><\/p>\n<blockquote>\n<p>Hello les Youkies,<\/p>\n<p> Et oui la famille Youkies s&rsquo;agrandit encore et toujours avec une petite fille \ud83d\ude42<\/p>\n<p> Avec la maman, nous avons le plaisir de vous annoncer (avec beaucoup de retard &#8230;) l&rsquo;arriv\u00e9e de notre petite <strong>Romane<\/strong>. La maman va tr\u00e8s bien et le papa est tr\u00e8s fier.<\/p>\n<p> A bient\u00f4t.<\/p>\n<p> Lolo Mesplet.<\/p>\n<\/blockquote>\n<p>F\u00e9licitations aux parents et bienvenue \u00e0 la Petite Romane de la part de l&rsquo;ensemble des Youkies!<\/p>\n","protected":false},"excerpt":{"rendered":"<p>(*: quoique la fameuse chanson des \u00ab\u00a0quiches au four\u00a0\u00bb datant de 2002 \u00e9tait aussi pour un b\u00e9b\u00e9 au m\u00eame pr\u00e9nom&#8230; \ud83d\ude09 ) Et oui, d&rsquo;ici 15 \u00e0 20 ans, et gr\u00e2ce \u00e0 Mr &amp; Mme Hesk (facile, je sais&#8230;) nous allons pouvoir ouvrir la section \u00ab\u00a0f\u00e9minine\u00a0\u00bb avec notre future \u00e9quipes des Youkinettes! ( les PROCins [&hellip;]<\/p>\n","protected":false},"author":11,"featured_media":0,"comment_status":"open","ping_status":"open","sticky":false,"template":"","format":"standard","meta":[],"categories":[6],"tags":[],"_links":{"self":[{"href":"https:\/\/youkies.fr\/blog\/wp-json\/wp\/v2\/posts\/268"}],"collection":[{"href":"https:\/\/youkies.fr\/blog\/wp-json\/wp\/v2\/posts"}],"about":[{"href":"https:\/\/youkies.fr\/blog\/wp-json\/wp\/v2\/types\/post"}],"author":[{"embeddable":true,"href":"https:\/\/youkies.fr\/blog\/wp-json\/wp\/v2\/users\/11"}],"replies":[{"embeddable":true,"href":"https:\/\/youkies.fr\/blog\/wp-json\/wp\/v2\/comments?post=268"}],"version-history":[{"count":0,"href":"https:\/\/youkies.fr\/blog\/wp-json\/wp\/v2\/posts\/268\/revisions"}],"wp:attachment":[{"href":"https:\/\/youkies.fr\/blog\/wp-json\/wp\/v2\/media?parent=268"}],"wp:term":[{"taxonomy":"category","embeddable":true,"href":"https:\/\/youkies.fr\/blog\/wp-json\/wp\/v2\/categories?post=268"},{"taxonomy":"post_tag","embeddable":true,"href":"https:\/\/youkies.fr\/blog\/wp-json\/wp\/v2\/tags?post=268"}],"curies":[{"name":"wp","href":"https:\/\/api.w.org\/{rel}","templated":true}]}}