{"id":270,"date":"2010-06-26T08:35:26","date_gmt":"2010-06-26T08:35:26","guid":{"rendered":"http:\/\/youkies.fr\/blog\/youkies-spring-break-2010-en-live"},"modified":"2010-06-26T08:35:26","modified_gmt":"2010-06-26T08:35:26","slug":"youkies-spring-break-2010-en-live","status":"publish","type":"post","link":"https:\/\/youkies.fr\/blog\/youkies-spring-break-2010-en-live","title":{"rendered":"Youkies Spring Break 2010&#8230; EN LIVE"},"content":{"rendered":"<p><b>m\u00e0j 04\/07\/10 : les photos sont en ligne<\/b><\/p>\n<p>Le titre de cet article est un peu trompeur car le reporter que je suis travaille un peu dans le noir, sans trop avoir de contact avec nos voyageurs du Cantalou!<br \/>\n ( Un des participants m&rsquo;a bien appel\u00e9 vers 01h00 du mat&rsquo;&#8230; mais il n&rsquo;avait plus la force de parler! \ud83d\ude09 )<\/p>\n<p>Ce que je sais, c&rsquo;est qu&rsquo;ils sont bien parti comme pr\u00e9vu de Place d&rsquo;Italie vendredi matin, et qu&rsquo;ils \u00e9taient tous arriv\u00e9s \u00e0 Saint Martin Valmeroux (dans les alentours d&rsquo;Aurillac) dans l&rsquo;apr\u00e8s-midi, pour preuve:<\/p>\n<p><img src=\"\/dotclear\/images\/spring_break.JPG\" alt=\"spring break\" style=\"display:block; margin:0 auto;\" \/><\/p>\n<p><!--more--><\/p>\n<p>Bon, j&rsquo;ai une bonne nouvelle: ils se sont r\u00e9veill\u00e9s!<br \/>\n Je ne sais pas qu&rsquo;elle est l&rsquo;\u00e9tat g\u00e9n\u00e9ral, mais ils ont enfil\u00e9 leurs habits de lumi\u00e8re aux couleurs des Youkies pour cette rencontre internationale: IDF &#8211; Cantal!<\/p>\n<p><img src=\"\/dotclear\/images\/match_cantal.JPG\" alt=\"Match\" style=\"display:block; margin:0 auto;\" \/><\/p>\n<p>Bon, le traitre ne m&rsquo;aide pas trop car je n&rsquo;ai aucune information sur ce qu&rsquo;il se passe:<\/p>\n<ul>\n<li>De combien a t on battu les locaux?<\/li>\n<li>Qui a \u00e9t\u00e9 le premier a s&rsquo;endormir (uniquement parmi ceux qui sont parti&#8230; sion, on sait tous qui c&rsquo;est)?<\/li>\n<li>Est ce que la salers part plus vite que le Pastis?<\/li>\n<\/ul>\n<p>Ce qui est s\u00fbr, c&rsquo;est que la salers part&#8230; &#8230;<img src=\"\/dotclear\/images\/salers.JPG\" alt=\"Salers\" style=\"display:block; margin:0 auto;\" \/><\/p>\n<p>Bonjour le Saint Mand\u00e9!  \ud83d\ude09<\/p>\n<p><ins>Info de derni\u00e8re minute:<\/ins><br \/>\n Le PORC a aussi fait le d\u00e9placement dans le Cantal pour le WE et ils ont propos\u00e9 un match amical contre nos valeureux Youkies. Aucun essai, mais beaucoup de sueur et de boue!<\/p>\n<p><img src=\"\/dotclear\/images\/cochon.JPG\" alt=\"JLM vs Cochons\" style=\"display:block; margin:0 auto;\" \/> A suivre&#8230;<\/p>\n<p><b>m\u00e0j 04\/07\/10 par Miche <\/b>Ci-dessous une s\u00e9lection de photos racontant notre \u00e9pop\u00e9e dans le Cantal, jour par jour. Merci \u00e0 BO.B notre photographe du week-end ! Il y avait plus de 1000 photos, la s\u00e9lection a \u00e9t\u00e9 dure! J&rsquo;avais commenc\u00e9 \u00e0 mettre des l\u00e9gendes aux photos mais j&rsquo;ai pas eu le temps de finir, j&rsquo;essaie de boucler \u00e7a ce soir. <\/p>\n<p align=center> <embed type=\"application\/x-shockwave-flash\" src=\"http:\/\/picasaweb.google.com\/s\/c\/bin\/slideshow.swf\" width=\"600\" height=\"400\" flashvars=\"host=picasaweb.google.com&#038;captions=1&#038;noautoplay=1&#038;hl=fr&#038;feat=flashalbum&#038;RGB=0x000000&#038;feed=http%3A%2F%2Fpicasaweb.google.com%2Fdata%2Ffeed%2Fapi%2Fuser%2Fxv.youkies%2Falbumid%2F5489840116611842001%3Falt%3Drss%26kind%3Dphoto%26hl%3Dfr\" pluginspage=\"http:\/\/www.macromedia.com\/go\/getflashplayer\"><\/embed> <br\/ >Cantal Tour &#8211; Voyage et 1er soir <\/p>\n<p align=center> <embed type=\"application\/x-shockwave-flash\" src=\"http:\/\/picasaweb.google.com\/s\/c\/bin\/slideshow.swf\" width=\"600\" height=\"400\" flashvars=\"host=picasaweb.google.com&#038;captions=1&#038;noautoplay=1&#038;hl=fr&#038;feat=flashalbum&#038;RGB=0x000000&#038;feed=http%3A%2F%2Fpicasaweb.google.com%2Fdata%2Ffeed%2Fapi%2Fuser%2Fxv.youkies%2Falbumid%2F5489843080662120097%3Falt%3Drss%26kind%3Dphoto%26hl%3Dfr\" pluginspage=\"http:\/\/www.macromedia.com\/go\/getflashplayer\"><\/embed> <br\/ >Cantal Tour &#8211; 2e jour <\/p>\n<p align=center> <embed type=\"application\/x-shockwave-flash\" src=\"http:\/\/picasaweb.google.com\/s\/c\/bin\/slideshow.swf\" width=\"600\" height=\"400\" flashvars=\"host=picasaweb.google.com&#038;captions=1&#038;noautoplay=1&#038;hl=fr&#038;feat=flashalbum&#038;RGB=0x000000&#038;feed=http%3A%2F%2Fpicasaweb.google.com%2Fdata%2Ffeed%2Fapi%2Fuser%2Fxv.youkies%2Falbumid%2F5489845126785031713%3Falt%3Drss%26kind%3Dphoto%26hl%3Dfr\" pluginspage=\"http:\/\/www.macromedia.com\/go\/getflashplayer\"><\/embed> <br\/ >Cantal Tour &#8211; 3e jour <\/p>\n","protected":false},"excerpt":{"rendered":"<p><b>m\u00e0j 04\/07\/10 : les photos sont en ligne<\/b><\/p>\n<p>Le titre de cet article est un peu trompeur car le reporter que je suis travaille un peu dans le noir, sans trop avoir de contact avec nos voyageurs du Cantalou!<br \/>\n ( Un des participants m&rsquo;a bien appel\u00e9 vers 01h00 du mat&rsquo;&#8230; mais il n&rsquo;avait plus la force de parler! \ud83d\ude09 )<\/p>\n<p>Ce que je sais, c&rsquo;est qu&rsquo;ils sont bien parti comme pr\u00e9vu de Place d&rsquo;Italie vendredi matin, et qu&rsquo;ils \u00e9taient tous arriv\u00e9s \u00e0 Saint Martin Valmeroux (dans les alentours d&rsquo;Aurillac) dans l&rsquo;apr\u00e8s-midi, pour preuve:<\/p>\n<p><img src=\"\/dotclear\/images\/spring_break.JPG\" alt=\"spring break\" style=\"display:block; margin:0 auto;\" \/><\/p>\n","protected":false},"author":11,"featured_media":0,"comment_status":"open","ping_status":"open","sticky":false,"template":"","format":"standard","meta":[],"categories":[5],"tags":[],"_links":{"self":[{"href":"https:\/\/youkies.fr\/blog\/wp-json\/wp\/v2\/posts\/270"}],"collection":[{"href":"https:\/\/youkies.fr\/blog\/wp-json\/wp\/v2\/posts"}],"about":[{"href":"https:\/\/youkies.fr\/blog\/wp-json\/wp\/v2\/types\/post"}],"author":[{"embeddable":true,"href":"https:\/\/youkies.fr\/blog\/wp-json\/wp\/v2\/users\/11"}],"replies":[{"embeddable":true,"href":"https:\/\/youkies.fr\/blog\/wp-json\/wp\/v2\/comments?post=270"}],"version-history":[{"count":0,"href":"https:\/\/youkies.fr\/blog\/wp-json\/wp\/v2\/posts\/270\/revisions"}],"wp:attachment":[{"href":"https:\/\/youkies.fr\/blog\/wp-json\/wp\/v2\/media?parent=270"}],"wp:term":[{"taxonomy":"category","embeddable":true,"href":"https:\/\/youkies.fr\/blog\/wp-json\/wp\/v2\/categories?post=270"},{"taxonomy":"post_tag","embeddable":true,"href":"https:\/\/youkies.fr\/blog\/wp-json\/wp\/v2\/tags?post=270"}],"curies":[{"name":"wp","href":"https:\/\/api.w.org\/{rel}","templated":true}]}}