{"id":2783,"date":"2017-09-28T15:03:21","date_gmt":"2017-09-28T13:03:21","guid":{"rendered":"http:\/\/youkies.fr\/blog\/?p=2783"},"modified":"2017-09-28T15:03:21","modified_gmt":"2017-09-28T13:03:21","slug":"et-ca-recommence","status":"publish","type":"post","link":"https:\/\/youkies.fr\/blog\/et-ca-recommence","title":{"rendered":"Et \u00e7a recommence"},"content":{"rendered":"<p>Et voil\u00e0 ! Comme chaque ann\u00e9e avec la r\u00e9gularit\u00e9 d\u2019un Wilkinson, en m\u00eame temps que le retour des enfants \u00e0 l\u2019\u00e9cole et de la pluie dans le ciel parisien, les Youkies entament une nouvelle saison.<\/p>\n<p>Sportivement nous alignons de nouveau deux \u00e9quipes. L\u2019\u00e9quipe 1 joue en D2 : 13 matchs de championnat + phases finales bien s\u00fbr. Nous avons un titre de champion de notre poule l\u2019ann\u00e9e derni\u00e8re \u00e0 d\u00e9fendre donc la pression est \u00e9videmment tr\u00e8s grande. Nous avons aussi une \u00e9quipe 2 en collaboration avec l\u2019\u00e9quipe de la Soci\u00e9t\u00e9 G\u00e9n\u00e9rale (qui s\u2019entraine en m\u00eame temps que nous sur l\u2019autre demi-terrain).<\/p>\n<p>Festivement, la saison commence aussi tr\u00e8s fort. D\u00e8s mercredi 4 octobre le couscous de rentr\u00e9e permettra \u00e0 tout le monde de se retrouver au bar de la 3\u00e8me mi-temps afin de partager un moment convivial. Puis le vendredi 6, le march\u00e9 aveyronnais sera le lieu de quelques accolades franches. Et enfin le week end du 7 au 8, les Youkies partent en Sologne pour le fameux week end de remise en forme. Cette ann\u00e9e avec une opposition contre une \u00e9quipe de Bourges le dimanche matin. Et bien s\u00fbr nous n\u2019oublions pas le Beaujolais nouveau en novembre ni l\u2019entrainement de no\u00ebl.<\/p>\n<p>Bienvenue \u00e0 tous dans cette nouvelle saison.<\/p>\n","protected":false},"excerpt":{"rendered":"<p>Et voil\u00e0 ! Comme chaque ann\u00e9e avec la r\u00e9gularit\u00e9 d\u2019un Wilkinson, en m\u00eame temps que le retour des enfants \u00e0 l\u2019\u00e9cole et de la pluie dans le ciel parisien, les Youkies entament une nouvelle saison. Sportivement nous alignons de nouveau deux \u00e9quipes. L\u2019\u00e9quipe 1 joue en D2 : 13 matchs de championnat + phases finales [&hellip;]<\/p>\n","protected":false},"author":20,"featured_media":0,"comment_status":"open","ping_status":"open","sticky":false,"template":"","format":"standard","meta":[],"categories":[7],"tags":[],"_links":{"self":[{"href":"https:\/\/youkies.fr\/blog\/wp-json\/wp\/v2\/posts\/2783"}],"collection":[{"href":"https:\/\/youkies.fr\/blog\/wp-json\/wp\/v2\/posts"}],"about":[{"href":"https:\/\/youkies.fr\/blog\/wp-json\/wp\/v2\/types\/post"}],"author":[{"embeddable":true,"href":"https:\/\/youkies.fr\/blog\/wp-json\/wp\/v2\/users\/20"}],"replies":[{"embeddable":true,"href":"https:\/\/youkies.fr\/blog\/wp-json\/wp\/v2\/comments?post=2783"}],"version-history":[{"count":1,"href":"https:\/\/youkies.fr\/blog\/wp-json\/wp\/v2\/posts\/2783\/revisions"}],"predecessor-version":[{"id":2784,"href":"https:\/\/youkies.fr\/blog\/wp-json\/wp\/v2\/posts\/2783\/revisions\/2784"}],"wp:attachment":[{"href":"https:\/\/youkies.fr\/blog\/wp-json\/wp\/v2\/media?parent=2783"}],"wp:term":[{"taxonomy":"category","embeddable":true,"href":"https:\/\/youkies.fr\/blog\/wp-json\/wp\/v2\/categories?post=2783"},{"taxonomy":"post_tag","embeddable":true,"href":"https:\/\/youkies.fr\/blog\/wp-json\/wp\/v2\/tags?post=2783"}],"curies":[{"name":"wp","href":"https:\/\/api.w.org\/{rel}","templated":true}]}}