{"id":465,"date":"2010-12-13T14:41:13","date_gmt":"2010-12-13T13:41:13","guid":{"rendered":"http:\/\/youkies.fr\/blog\/?p=465"},"modified":"2010-12-28T16:52:23","modified_gmt":"2010-12-28T15:52:23","slug":"stage-youkies-d%e2%80%99oxygenation-2011","status":"publish","type":"post","link":"https:\/\/youkies.fr\/blog\/stage-youkies-d%e2%80%99oxygenation-2011","title":{"rendered":"Stage Youkies d\u2019Oxyg\u00e9nation 2011"},"content":{"rendered":"<p>Bonjour,<\/p>\n<p>Comme chaque ann\u00e9e, le comit\u00e9 des f\u00eates organise un petit voyage pour les Youkies. Cette ann\u00e9e, c&rsquo;est le stage d&rsquo;oxyg\u00e9nation qui a \u00e9t\u00e9 retenu:<\/p>\n<p style=\"text-align: left;\"><span style=\"text-decoration: underline;\">Lieu:<\/span> La Norma 1350-2750 m \u2013 Centre UCPA<\/p>\n<p style=\"text-align: left;\"><a href=\"http:\/\/youkies.fr\/blog\/wp-content\/uploads\/2010\/12\/la-norma-piste.jpg\"><img loading=\"lazy\" class=\"size-full wp-image-470 aligncenter\" title=\"la-norma-piste\" src=\"http:\/\/youkies.fr\/blog\/wp-content\/uploads\/2010\/12\/la-norma-piste.jpg\" alt=\"\" width=\"500\" height=\"324\" srcset=\"https:\/\/youkies.fr\/blog\/wp-content\/uploads\/2010\/12\/la-norma-piste.jpg 500w, https:\/\/youkies.fr\/blog\/wp-content\/uploads\/2010\/12\/la-norma-piste-300x194.jpg 300w\" sizes=\"(max-width: 500px) 100vw, 500px\" \/><\/a><br \/>\n<span style=\"text-decoration: underline;\">Date:<\/span> D\u00e9part le jeudi 24 mars 2011 vers 22h \u2013 retour le dimanche 27 mars vers 20h<br \/>\n<span style=\"text-decoration: underline;\">Transport:<\/span> Voyage en train couchettes \u00e0 l\u2019aller et TGV au retour<br \/>\n<span style=\"text-decoration: underline;\">Au programme:<\/span> 3 jours de ski plein (vendredi, samedi, dimanche)<br \/>\n<span style=\"text-decoration: underline;\">Tarif:<\/span> 330 \u20ac<br \/>\n( Compris dans le prix: transport, h\u00e9bergement pension compl\u00e8te, pr\u00eat de mat\u00e9riel, forfaits remont\u00e9es m\u00e9caniques&#8230;)<br \/>\n( Non compris\u00a0: La bouffe du train de nuit et du dimanche soir)<\/p>\n<p>Pour tout renseignement, il suffit d&rsquo;envoyer un mail \u00e0 l&rsquo;adresse <a href=\"mailto:comite.youkies@gmail.com\" target=\"_blank\">comite.youkies@gmail.com<\/a><\/p>\n<p><strong><span style=\"text-decoration: underline;\">Les inscriptions sont closes.<\/span><\/strong><\/p>\n<p>The Fiesta Team<\/p>\n","protected":false},"excerpt":{"rendered":"<p>Bonjour, Comme chaque ann\u00e9e, le comit\u00e9 des f\u00eates organise un petit voyage pour les Youkies. Cette ann\u00e9e, c&rsquo;est le stage d&rsquo;oxyg\u00e9nation qui a \u00e9t\u00e9 retenu: Lieu: La Norma 1350-2750 m \u2013 Centre UCPA Date: D\u00e9part le jeudi 24 mars 2011 vers 22h \u2013 retour le dimanche 27 mars vers 20h Transport: Voyage en train couchettes [&hellip;]<\/p>\n","protected":false},"author":11,"featured_media":482,"comment_status":"open","ping_status":"open","sticky":false,"template":"","format":"standard","meta":[],"categories":[5],"tags":[],"_links":{"self":[{"href":"https:\/\/youkies.fr\/blog\/wp-json\/wp\/v2\/posts\/465"}],"collection":[{"href":"https:\/\/youkies.fr\/blog\/wp-json\/wp\/v2\/posts"}],"about":[{"href":"https:\/\/youkies.fr\/blog\/wp-json\/wp\/v2\/types\/post"}],"author":[{"embeddable":true,"href":"https:\/\/youkies.fr\/blog\/wp-json\/wp\/v2\/users\/11"}],"replies":[{"embeddable":true,"href":"https:\/\/youkies.fr\/blog\/wp-json\/wp\/v2\/comments?post=465"}],"version-history":[{"count":7,"href":"https:\/\/youkies.fr\/blog\/wp-json\/wp\/v2\/posts\/465\/revisions"}],"predecessor-version":[{"id":469,"href":"https:\/\/youkies.fr\/blog\/wp-json\/wp\/v2\/posts\/465\/revisions\/469"}],"wp:featuredmedia":[{"embeddable":true,"href":"https:\/\/youkies.fr\/blog\/wp-json\/wp\/v2\/media\/482"}],"wp:attachment":[{"href":"https:\/\/youkies.fr\/blog\/wp-json\/wp\/v2\/media?parent=465"}],"wp:term":[{"taxonomy":"category","embeddable":true,"href":"https:\/\/youkies.fr\/blog\/wp-json\/wp\/v2\/categories?post=465"},{"taxonomy":"post_tag","embeddable":true,"href":"https:\/\/youkies.fr\/blog\/wp-json\/wp\/v2\/tags?post=465"}],"curies":[{"name":"wp","href":"https:\/\/api.w.org\/{rel}","templated":true}]}}