{"id":730,"date":"2011-10-06T01:33:45","date_gmt":"2011-10-05T23:33:45","guid":{"rendered":"http:\/\/youkies.fr\/blog\/?p=730"},"modified":"2011-10-06T01:35:49","modified_gmt":"2011-10-05T23:35:49","slug":"lesmarche-des-pays-de-l%e2%80%99aveyron-le-7-8-9-octobre","status":"publish","type":"post","link":"https:\/\/youkies.fr\/blog\/lesmarche-des-pays-de-l%e2%80%99aveyron-le-7-8-9-octobre","title":{"rendered":"LesMarch\u00e9 des Pays de l\u2019Aveyron le 7, 8, 9 octobre&#8230;"},"content":{"rendered":"<p style=\"text-align: center;\"><a href=\"http:\/\/youkies.fr\/blog\/wp-content\/uploads\/2011\/10\/MdP12-Flyer-Recto-Bercy-2011.jpg\"><img loading=\"lazy\" class=\"aligncenter size-large wp-image-731\" title=\"MdP12-Flyer-Recto-Bercy-2011\" src=\"http:\/\/youkies.fr\/blog\/wp-content\/uploads\/2011\/10\/MdP12-Flyer-Recto-Bercy-2011-731x1024.jpg\" alt=\"\" width=\"439\" height=\"614\" srcset=\"https:\/\/youkies.fr\/blog\/wp-content\/uploads\/2011\/10\/MdP12-Flyer-Recto-Bercy-2011-731x1024.jpg 731w, https:\/\/youkies.fr\/blog\/wp-content\/uploads\/2011\/10\/MdP12-Flyer-Recto-Bercy-2011-214x300.jpg 214w, https:\/\/youkies.fr\/blog\/wp-content\/uploads\/2011\/10\/MdP12-Flyer-Recto-Bercy-2011.jpg 1181w\" sizes=\"(max-width: 439px) 100vw, 439px\" \/><\/a><\/p>\n<p>Comme tous les ans \u00e0 la m\u00eame p\u00e9riode,\u00a0l\u2019Aveyron\u00a0d\u00e9barque \u00e0 Paris pour 3 jours de folie&#8230;<br \/>\nApr\u00e8s les 2 matchs de samedi, l&rsquo;\u00e9quipe 1 et l&rsquo;\u00e9quipe 2 ont donc rendez-vous vers 18h30 pour d\u00e9guster une saucisse-aligot ou autres sp\u00e9cialit\u00e9s de la r\u00e9gion.<\/p>\n<p>On vous y attend (lieu: rue de l&rsquo;Aubrac 75012, Ligne 14: Cour St Emilion)!<\/p>\n<p>(Record \u00e0 battre: \u00eatre sur place plus de 30 heures pendant les 3 jours (D\u00e8che hors comp\u00e9t&#8230; car tu habites \u00e0 50 m\u00e8tre de la rue de l&rsquo;Aubrac)<\/p>\n<p>La fiesta Teams<\/p>\n<p style=\"text-align: center;\"><a href=\"http:\/\/www.marche-pays-aveyron.fr\"><br \/>\n<img src=\"http:\/\/www.marche-pays-aveyron.fr\/IMG\/gif\/MdP12-Bandeau-Horizontal-Bercy-2011.gif\" alt=\"Animation promotionnelle March\u00e9 des Pays de l'Aveyron\" \/><br \/>\n<\/a><\/p>\n","protected":false},"excerpt":{"rendered":"<p>Comme tous les ans \u00e0 la m\u00eame p\u00e9riode,\u00a0l\u2019Aveyron\u00a0d\u00e9barque \u00e0 Paris pour 3 jours de folie&#8230; Apr\u00e8s les 2 matchs de samedi, l&rsquo;\u00e9quipe 1 et l&rsquo;\u00e9quipe 2 ont donc rendez-vous vers 18h30 pour d\u00e9guster une saucisse-aligot ou autres sp\u00e9cialit\u00e9s de la r\u00e9gion. On vous y attend (lieu: rue de l&rsquo;Aubrac 75012, Ligne 14: Cour St Emilion)! [&hellip;]<\/p>\n","protected":false},"author":11,"featured_media":0,"comment_status":"open","ping_status":"open","sticky":false,"template":"","format":"standard","meta":[],"categories":[5],"tags":[],"_links":{"self":[{"href":"https:\/\/youkies.fr\/blog\/wp-json\/wp\/v2\/posts\/730"}],"collection":[{"href":"https:\/\/youkies.fr\/blog\/wp-json\/wp\/v2\/posts"}],"about":[{"href":"https:\/\/youkies.fr\/blog\/wp-json\/wp\/v2\/types\/post"}],"author":[{"embeddable":true,"href":"https:\/\/youkies.fr\/blog\/wp-json\/wp\/v2\/users\/11"}],"replies":[{"embeddable":true,"href":"https:\/\/youkies.fr\/blog\/wp-json\/wp\/v2\/comments?post=730"}],"version-history":[{"count":3,"href":"https:\/\/youkies.fr\/blog\/wp-json\/wp\/v2\/posts\/730\/revisions"}],"predecessor-version":[{"id":733,"href":"https:\/\/youkies.fr\/blog\/wp-json\/wp\/v2\/posts\/730\/revisions\/733"}],"wp:attachment":[{"href":"https:\/\/youkies.fr\/blog\/wp-json\/wp\/v2\/media?parent=730"}],"wp:term":[{"taxonomy":"category","embeddable":true,"href":"https:\/\/youkies.fr\/blog\/wp-json\/wp\/v2\/categories?post=730"},{"taxonomy":"post_tag","embeddable":true,"href":"https:\/\/youkies.fr\/blog\/wp-json\/wp\/v2\/tags?post=730"}],"curies":[{"name":"wp","href":"https:\/\/api.w.org\/{rel}","templated":true}]}}