{"id":89,"date":"2006-11-13T23:58:04","date_gmt":"2006-11-13T23:58:04","guid":{"rendered":"http:\/\/youkies.fr\/blog\/stage-de-youski-fevrier-2007"},"modified":"2006-11-13T23:58:04","modified_gmt":"2006-11-13T23:58:04","slug":"stage-de-youski-fevrier-2007","status":"publish","type":"post","link":"https:\/\/youkies.fr\/blog\/stage-de-youski-fevrier-2007","title":{"rendered":"Stage de Youski &#8211; f\u00e9vrier 2007"},"content":{"rendered":"<p>Voici donc les d\u00e9tails du fabuleux stage en altitude que vous a concoct\u00e9 le Comit\u00e9 des f\u00eates des Youkies pour le premier week end de f\u00e9vrier 2007. Cl\u00f4ture des inscriptions samedi 18 novembre, r\u00e9servez maintenant!<\/p>\n<p><!--more--><\/p>\n<div style=\"margin:1ex\">\n<div>   <a name=\"0.1_table01\"><\/a> <\/p>\n<div align=\"center\">\n<table width=\"619\" border=\"2\" cellspacing=\"0\">\n<tr valign=\"middle\" align=\"center\">\n<td width=\"20%\"><font size=\"6\" face=\"Gill Sans MT\"><img src=\"\/dotclear\/images\/ucpa_carte_france.png\" alt=\"\" \/><\/font><\/td>\n<td width=\"60%\"><font size=\"6\" face=\"Gill Sans MT\">Stage Youkies d\u2019Oxyg\u00e9nation   2007<\/font><\/td>\n<td width=\"20%\"><font size=\"6\" face=\"Gill Sans MT\"><img src=\"\/dotclear\/images\/youk_logo_s.png\" alt=\"\" \/><\/font><\/td>\n<\/tr>\n<\/table><\/div>\n<p> <\/p>\n<p align=\"center\"><font size=\"5\" face=\"Gill Sans MT\">La Norma 1350-2750 m \u2013 Centre UCPA<\/font><\/p>\n<p align=\"center\"><font size=\"3\" face=\"Gill Sans MT\">d\u00e9part le jeudi 1<sup>er<\/sup> F\u00e9vrier 2007 au soir \u2013 retour le lundi 5 f\u00e9vrier \u00e0 l\u2019aube <\/p>\n<p> voyage en car couchettes avec Gigi<\/font> <\/p>\n<p align=\"center\"><font size=\"3\" face=\"Gill Sans MT\">3 jours de ski plein (vendredi, samedi, dimanche) <\/font><\/p>\n<p> <\/p>\n<p align=\"center\"> <img src=\"\/dotclear\/images\/la_norma_pistes2.jpg\" alt=\"\" \/><\/p>\n<p> <\/p>\n<p align=\"center\"><font size=\"3\" face=\"Gill Sans MT\">Prix : <b>300 \u20ac<\/b> pour les membres du Club \u2013 <b>350\u20ac<\/b> pour les ext\u00e9rieurs (filles bienvenues)<\/font> <\/p>\n<p align=\"center\"><font size=\"3\" face=\"Gill Sans MT\">R\u00e8glement d\u00e8s la r\u00e9servation par ch\u00e8que \u00e0 l\u2019ordre de \u00ab Association les Youkies \u00bb remis ou (mieux) envoy\u00e9 \u00e0 <i>Pierre Brunet &#8211; 108 rue de Lourmel &#8211; 75015 Paris<\/i><\/font> <\/p>\n<p align=\"center\"><font size=\"3\" face=\"Gill Sans MT\">Compris dans le prix: transport, h\u00e9bergement pension compl\u00e8te, pr\u00eat de mat\u00e9riel, forfaits remont\u00e9es m\u00e9caniques ainsi que  les rafra\u00eechissements d\u2019usage.<\/font> <\/p>\n<p align=\"center\"><font size=\"3\" face=\"Gill Sans MT\">Cl\u00f4ture des inscriptions le samedi 18 novembre 2006<\/font><\/p>\n<p align=\"center\"><font size=\"3\" face=\"Gill Sans MT\">Inscriptions et questions : contacter Pierre <\/font><a href=\"mailto:p.brunet@sulis.fr\" target=\"_blank\"><font color=\"#0000FF\" size=\"3\" face=\"Gill Sans MT\"><u>p.brunet@sulis.fr<\/u><\/font><\/a><font size=\"3\" face=\"Gill Sans MT\"> 06 13 03 25 11<\/font><\/p>\n<\/p><\/div>\n<\/p><\/div>\n<blockquote>\n<p>Bonjour \u00e0 tous,<\/p>\n<p>Voici donc les d\u00e9tails du fabuleux stage en altitude que vous a concoct\u00e9 le Comit\u00e9 des f\u00eates des Youkies pour le premier week end de f\u00e9vrier 2007.<\/p>\n<p>Ce stage (qui tombe un week end de rel\u00e2che de notre championnat) est ouvert aux amis proches et \u00e0 nos amies ch\u00e8res parce que c&rsquo;est aussi cela le petit plus des Youkies: accepter que les filles se moquent tendrement de nous, m\u00eame sans ballon dans les mains.<\/p>\n<p> Meteo France annonce 2 m\u00e8tres de neige fra\u00eeche et un soleil radieux sur la Savoie les 2, 3 et 4 f\u00e9vrier 2007. Par soucis de transparence, nous nous devons de vous faire part aussi d&rsquo;un avis de grand frais annonc\u00e9 pour les nuits du jeudi 1 et dimanche 4. A priori 24 places seulement. First come first served. Cl\u00f4ture des inscriptions samedi 18 novembre.<\/p>\n<p> Conclusion: vous regardez, vous lisez et vous revenez tr\u00e8s vite vers nous avec vos ch\u00e8ques pour \u00e9viter toute d\u00e9ception.<\/p>\n<p> <em>Amicalement<\/em> <em>Pierre, Jerry et Nicolas  &#8211; Comit\u00e9 des  f\u00eates<\/em><\/p>\n<\/p>\n<\/blockquote>\n","protected":false},"excerpt":{"rendered":"<p>Voici donc les d\u00e9tails du fabuleux stage en altitude que vous a concoct\u00e9 le Comit\u00e9 des f\u00eates des Youkies pour le premier week end de f\u00e9vrier 2007. Cl\u00f4ture des inscriptions samedi 18 novembre, r\u00e9servez maintenant!<\/p>\n","protected":false},"author":1,"featured_media":0,"comment_status":"open","ping_status":"open","sticky":false,"template":"","format":"standard","meta":[],"categories":[5],"tags":[],"_links":{"self":[{"href":"https:\/\/youkies.fr\/blog\/wp-json\/wp\/v2\/posts\/89"}],"collection":[{"href":"https:\/\/youkies.fr\/blog\/wp-json\/wp\/v2\/posts"}],"about":[{"href":"https:\/\/youkies.fr\/blog\/wp-json\/wp\/v2\/types\/post"}],"author":[{"embeddable":true,"href":"https:\/\/youkies.fr\/blog\/wp-json\/wp\/v2\/users\/1"}],"replies":[{"embeddable":true,"href":"https:\/\/youkies.fr\/blog\/wp-json\/wp\/v2\/comments?post=89"}],"version-history":[{"count":0,"href":"https:\/\/youkies.fr\/blog\/wp-json\/wp\/v2\/posts\/89\/revisions"}],"wp:attachment":[{"href":"https:\/\/youkies.fr\/blog\/wp-json\/wp\/v2\/media?parent=89"}],"wp:term":[{"taxonomy":"category","embeddable":true,"href":"https:\/\/youkies.fr\/blog\/wp-json\/wp\/v2\/categories?post=89"},{"taxonomy":"post_tag","embeddable":true,"href":"https:\/\/youkies.fr\/blog\/wp-json\/wp\/v2\/tags?post=89"}],"curies":[{"name":"wp","href":"https:\/\/api.w.org\/{rel}","templated":true}]}}